{"id":752,"date":"2018-05-27T11:40:39","date_gmt":"2018-05-27T14:40:39","guid":{"rendered":"http:\/\/radiobwr.com.br\/site\/?p=752"},"modified":"2018-05-27T11:40:39","modified_gmt":"2018-05-27T14:40:39","slug":"michael-jackson-par-de-sapatos-do-primeiro-moonwalk-e-colocado-a-venda-em-leilao","status":"publish","type":"post","link":"https:\/\/radiobwr.com.br\/site\/michael-jackson-par-de-sapatos-do-primeiro-moonwalk-e-colocado-a-venda-em-leilao\/","title":{"rendered":"Michael Jackson: par de sapatos do primeiro moonwalk \u00e9 colocado \u00e0 venda em leil\u00e3o"},"content":{"rendered":"<p>H\u00e1 35 anos,\u00a0<strong>Michael Jackson<\/strong>\u00a0realizava pela primeira vez o seu famoso passo\u00a0<em>moonwalk<\/em>, durante o especial de 25 anos da\u00a0<strong>Motown<\/strong>em Junho de 1983. Agora, os sapatos que ele utilizou durante os ensaios para aquela hist\u00f3rica performance de\u00a0<strong>\u201cBillie Jean\u201d<\/strong>est\u00e3o sendo vendidos em um leil\u00e3o.<\/p>\n<p>Os mocassins em couro preto Florsheim Imperial, tamanho 41, est\u00e3o identificados como \u201cMotown 25\u201d e assinados \u201cMichael Jackson\u201d na sola em azul, e um dos sapatos tamb\u00e9m \u00e9 numerado como \u201cMichael #2\u201d.<\/p>\n<p>O Rei do Pop supostamente deu o par ao core\u00f3grafo e dan\u00e7arino\u00a0<strong>Lester Wilson<\/strong>\u00a0em seu camarim depois de ensaiar para o especial, e eles v\u00eam com uma carta de autenticidade em que Jackson se refere ao item como seus \u201csapatos m\u00e1gicos\u201d.<\/p>\n<p>\u201cQualquer coisa relacionada a Michael Jackson \u00e9 extraordin\u00e1ria, e ter algo t\u00e3o incrivelmente hist\u00f3rico como esses sapatos usados por Michael quando ele fez o famoso moonwalk \u00e9 muito especial\u201d, disse\u00a0<strong>Brigitte Kruse<\/strong>, dona da\u00a0<strong>GWS Auctions<\/strong>, empresa respons\u00e1vel pelo leil\u00e3o, para a\u00a0<strong>CNN<\/strong>.<\/p>\n","protected":false},"excerpt":{"rendered":"<p>H\u00e1 35 anos,\u00a0Michael Jackson\u00a0realizava pela primeira vez o seu famoso passo\u00a0moonwalk, durante o especial de 25 anos da\u00a0Motownem Junho de 1983. Agora, os sapatos que ele utilizou durante os ensaios para aquela hist\u00f3rica performance de\u00a0\u201cBillie Jean\u201dest\u00e3o sendo vendidos em um leil\u00e3o. Os mocassins em couro preto Florsheim Imperial, tamanho 41, est\u00e3o identificados como \u201cMotown 25\u201d &#8230; <a title=\"Michael Jackson: par de sapatos do primeiro moonwalk \u00e9 colocado \u00e0 venda em leil\u00e3o\" class=\"read-more\" href=\"https:\/\/radiobwr.com.br\/site\/michael-jackson-par-de-sapatos-do-primeiro-moonwalk-e-colocado-a-venda-em-leilao\/\" aria-label=\"Read more about Michael Jackson: par de sapatos do primeiro moonwalk \u00e9 colocado \u00e0 venda em leil\u00e3o\">Ler mais<\/a><\/p>\n","protected":false},"author":1,"featured_media":753,"comment_status":"open","ping_status":"open","sticky":false,"template":"","format":"standard","meta":{"footnotes":""},"categories":[6],"tags":[],"class_list":["post-752","post","type-post","status-publish","format-standard","has-post-thumbnail","hentry","category-musica"],"_links":{"self":[{"href":"https:\/\/radiobwr.com.br\/site\/wp-json\/wp\/v2\/posts\/752","targetHints":{"allow":["GET"]}}],"collection":[{"href":"https:\/\/radiobwr.com.br\/site\/wp-json\/wp\/v2\/posts"}],"about":[{"href":"https:\/\/radiobwr.com.br\/site\/wp-json\/wp\/v2\/types\/post"}],"author":[{"embeddable":true,"href":"https:\/\/radiobwr.com.br\/site\/wp-json\/wp\/v2\/users\/1"}],"replies":[{"embeddable":true,"href":"https:\/\/radiobwr.com.br\/site\/wp-json\/wp\/v2\/comments?post=752"}],"version-history":[{"count":1,"href":"https:\/\/radiobwr.com.br\/site\/wp-json\/wp\/v2\/posts\/752\/revisions"}],"predecessor-version":[{"id":754,"href":"https:\/\/radiobwr.com.br\/site\/wp-json\/wp\/v2\/posts\/752\/revisions\/754"}],"wp:featuredmedia":[{"embeddable":true,"href":"https:\/\/radiobwr.com.br\/site\/wp-json\/wp\/v2\/media\/753"}],"wp:attachment":[{"href":"https:\/\/radiobwr.com.br\/site\/wp-json\/wp\/v2\/media?parent=752"}],"wp:term":[{"taxonomy":"category","embeddable":true,"href":"https:\/\/radiobwr.com.br\/site\/wp-json\/wp\/v2\/categories?post=752"},{"taxonomy":"post_tag","embeddable":true,"href":"https:\/\/radiobwr.com.br\/site\/wp-json\/wp\/v2\/tags?post=752"}],"curies":[{"name":"wp","href":"https:\/\/api.w.org\/{rel}","templated":true}]}}