{"id":818,"date":"2019-01-06T19:57:18","date_gmt":"2019-01-06T21:57:18","guid":{"rendered":"http:\/\/radiobwr.com.br\/site\/?p=818"},"modified":"2021-01-29T23:31:23","modified_gmt":"2021-01-30T02:31:23","slug":"o-que-perde-a-soul-music-com-a-morte-de-sua-guardia-sharon-jones","status":"publish","type":"post","link":"https:\/\/radiobwr.com.br\/site\/o-que-perde-a-soul-music-com-a-morte-de-sua-guardia-sharon-jones\/","title":{"rendered":"O que perde a soul music com a morte de sua guardi\u00e3 Sharon Jones"},"content":{"rendered":"\t\t<div data-elementor-type=\"wp-post\" data-elementor-id=\"818\" class=\"elementor elementor-818 elementor-bc-flex-widget\">\n\t\t\t\t\t\t<section class=\"elementor-section elementor-top-section elementor-element elementor-element-2ab8e18e elementor-section-boxed elementor-section-height-default elementor-section-height-default\" data-id=\"2ab8e18e\" data-element_type=\"section\">\n\t\t\t\t\t\t<div class=\"elementor-container elementor-column-gap-default\">\n\t\t\t\t\t<div class=\"elementor-column elementor-col-100 elementor-top-column elementor-element elementor-element-223c644d\" data-id=\"223c644d\" data-element_type=\"column\">\n\t\t\t<div class=\"elementor-widget-wrap elementor-element-populated\">\n\t\t\t\t\t\t<div class=\"elementor-element elementor-element-2fd21a42 elementor-widget elementor-widget-text-editor\" data-id=\"2fd21a42\" data-element_type=\"widget\" data-widget_type=\"text-editor.default\">\n\t\t\t\t<div class=\"elementor-widget-container\">\n\t\t\t\t\t\t\t\t\t<p class=\"m-supportline\">Cantora norte americana foi v\u00edtima de c\u00e2ncer. Ela tinha 60 anos.<\/p><p class=\"m-supportline\">Em maio de 2015, dias antes de sua antol\u00f3gica apresenta\u00e7\u00e3o em Porto Alegre, no Teatro do Bourbon Country, a cantora norte-americana Sharon Jones falou em entrevista a Zero Hora sobre o tratamento que fazia contra o c\u00e2ncer no p\u00e2ncreas que a matou na sexta-feira, aos 60 anos.<\/p><div class=\"article-paragraph\"><p>A \u00fanica mudan\u00e7a (na sua vida) que voc\u00ea pode ver \u00e9 no meu cabelo. Sempre que subo ao palco, dou 110%, porque toda vez pode ser a \u00faltima. Eu quero me livrar do c\u00e2ncer, mas em dezembro (de 2014) encontraram outro tumor e, em janeiro, fiz outra opera\u00e7\u00e3o. S\u00f3 em fevereiro pude voltar aos palcos.<\/p><\/div><div class=\"article-paragraph\"><p>Na ocasi\u00e3o, Sharon antecipou que, em raz\u00e3o da doen\u00e7a, iria apresentar na Capital, acompanhada pelo grupo The Dap-Kings, a releitura de uma das can\u00e7\u00f5es do novo disco que promovia \u00e0 \u00e9poca, Give the people what they want (2014).<\/p><\/div><div class=\"article-paragraph\"><p>Vamos tocar Get up and get out em uma vers\u00e3o diferente porque essa m\u00fasica ganhou um outro significado para mim depois que passei pelo susto do c\u00e2ncer. Come\u00e7a devagar e depois vai r\u00e1pido. Eu conto \u00e0s pessoas como passei pelo c\u00e2ncer e disse para ele &#8220;levantar e ir embora&#8221;.<\/p><\/div><div class=\"article-paragraph\"><p>Considerada uma das grandes divas da soul music contempor\u00e2nea, Sharon nasceu em 4 de maio de 1956 em Augusta, cidade do Estado da Georgia. Come\u00e7ou a carreira ainda crian\u00e7a cantando em igrejas e palcos locais. Passou os anos 1970 fazendo backing vocals em Nova York, mas a carreira n\u00e3o decolou e, na d\u00e9cada seguinte, precisou trabalhar por anos como carcereira e seguran\u00e7a. Sua sorte mudou quando se juntou \u00e0 banda The Dap-Kings para lan\u00e7ar, a partir de 2002, seis discos que causaram sensa\u00e7\u00e3o entre p\u00fablico e cr\u00edtica apresentando a inspirada combina\u00e7\u00e3o de soul e funk moldada pelo vozeir\u00e3o de Sharon e o groove de seus m\u00fasicos \u2013 posteriormente convidados para gravarem com Amy Winehouse o hist\u00f3rico disco Back to black (2006).<\/p><\/div><div class=\"article-paragraph\"><p>Sharon se considerava uma guardi\u00e3 do estilo musical consagrado nos anos 1960 por artistas como Aretha Franklin e The Supremes. Dizia que faltava maior reconhecimento ao g\u00eanero, para ela empacotado junto \u00e0 m\u00fasica pop.<\/p><\/div><div class=\"article-paragraph\"><p>Escute as letras de hoje: falam sobre dinheiro, carros, discos de platina, o bumbum de algu\u00e9m. Nos velhos tempos, as m\u00fasicas de soul contavam boas hist\u00f3rias. \u00c9 isso que eu e os Dap-Kings fazemos. Estamos continuando essa hist\u00f3ria, sem cantar sobre coisas materiais. Essa garotada de hoje n\u00e3o consegue cantar soul. Para cantar soul, voc\u00ea precisa ter uma boa base de gospel. E n\u00e3o tem a ver com ser negro. As pessoas acreditam que estamos tendo um revival de soul, mas o que se est\u00e1 fazendo n\u00e3o \u00e9 soul, \u00e9 pop.<\/p><\/div>\t\t\t\t\t\t\t\t<\/div>\n\t\t\t\t<\/div>\n\t\t\t\t\t<\/div>\n\t\t<\/div>\n\t\t\t\t\t<\/div>\n\t\t<\/section>\n\t\t\t\t<\/div>\n\t\t","protected":false},"excerpt":{"rendered":"<p>Cantora norte americana foi v\u00edtima de c\u00e2ncer. Ela tinha 60 anos. Em maio de 2015, dias antes de sua antol\u00f3gica apresenta\u00e7\u00e3o em Porto Alegre, no Teatro do Bourbon Country, a cantora norte-americana Sharon Jones falou em entrevista a Zero Hora sobre o tratamento que fazia contra o c\u00e2ncer no p\u00e2ncreas que a matou na sexta-feira, &#8230; <a title=\"O que perde a soul music com a morte de sua guardi\u00e3 Sharon Jones\" class=\"read-more\" href=\"https:\/\/radiobwr.com.br\/site\/o-que-perde-a-soul-music-com-a-morte-de-sua-guardia-sharon-jones\/\" aria-label=\"Read more about O que perde a soul music com a morte de sua guardi\u00e3 Sharon Jones\">Ler mais<\/a><\/p>\n","protected":false},"author":1,"featured_media":819,"comment_status":"open","ping_status":"open","sticky":false,"template":"","format":"standard","meta":{"footnotes":""},"categories":[6],"tags":[],"class_list":["post-818","post","type-post","status-publish","format-standard","has-post-thumbnail","hentry","category-musica"],"_links":{"self":[{"href":"https:\/\/radiobwr.com.br\/site\/wp-json\/wp\/v2\/posts\/818","targetHints":{"allow":["GET"]}}],"collection":[{"href":"https:\/\/radiobwr.com.br\/site\/wp-json\/wp\/v2\/posts"}],"about":[{"href":"https:\/\/radiobwr.com.br\/site\/wp-json\/wp\/v2\/types\/post"}],"author":[{"embeddable":true,"href":"https:\/\/radiobwr.com.br\/site\/wp-json\/wp\/v2\/users\/1"}],"replies":[{"embeddable":true,"href":"https:\/\/radiobwr.com.br\/site\/wp-json\/wp\/v2\/comments?post=818"}],"version-history":[{"count":3,"href":"https:\/\/radiobwr.com.br\/site\/wp-json\/wp\/v2\/posts\/818\/revisions"}],"predecessor-version":[{"id":822,"href":"https:\/\/radiobwr.com.br\/site\/wp-json\/wp\/v2\/posts\/818\/revisions\/822"}],"wp:featuredmedia":[{"embeddable":true,"href":"https:\/\/radiobwr.com.br\/site\/wp-json\/wp\/v2\/media\/819"}],"wp:attachment":[{"href":"https:\/\/radiobwr.com.br\/site\/wp-json\/wp\/v2\/media?parent=818"}],"wp:term":[{"taxonomy":"category","embeddable":true,"href":"https:\/\/radiobwr.com.br\/site\/wp-json\/wp\/v2\/categories?post=818"},{"taxonomy":"post_tag","embeddable":true,"href":"https:\/\/radiobwr.com.br\/site\/wp-json\/wp\/v2\/tags?post=818"}],"curies":[{"name":"wp","href":"https:\/\/api.w.org\/{rel}","templated":true}]}}